{"id":96,"date":"2022-03-05T17:26:18","date_gmt":"2022-03-05T17:26:18","guid":{"rendered":"http:\/\/geigenleut.de\/?p=96"},"modified":"2026-02-15T15:23:59","modified_gmt":"2026-02-15T15:23:59","slug":"bald-bald-schon","status":"publish","type":"post","link":"http:\/\/geigenleut.de\/?p=96","title":{"rendered":"Geigenleut&#8216;"},"content":{"rendered":"\n<p>Geigenleut\u2019: Ein Projekt, das die alten Volkst\u00e4nze und Volkslieder vorwiegend des Norddeutschen und des Ostsee-Raumes aus ihrem Dornr\u00f6schenschlaf weckt.&nbsp;<\/p>\n\n\n\n<p>Innovativ werden die alten Melodien in neue musikalische Gew\u00e4nder gekleidet, die der urspr\u00fcnglichen Spielart entstammen:<\/p>\n\n\n\n<p>Wirkliche Volksmusik im urspr\u00fcnglichen Klang: im Streicherklang. Geigen, Kontraba\u00df. Und dazu Gitarre. Aus k\u00fcnstlerischen Gr\u00fcnden. Wie auch gelegentlich das Akkordeon.<\/p>\n\n\n\n<p>Ein versunkener und vergessener Schatz, der wieder lebt.<\/p>\n\n\n\n<p>Winfried S. K\u00fcttner hat Geigenleut\u2019 ins Leben gerufen. In seinen Bearbeitungen und Arrangements sorgt er daf\u00fcr, dass die rhythmische Vielfalt und melodische Sch\u00f6nheit der Lieder und T\u00e4nze unangetastet bleiben.&nbsp;<\/p>\n\n\n\n<p>Geigenleut&#8216; pflegt auf einzigartige Weise, was nicht verloren gehen darf. Echte Volkskultur wird in konzertanter Form und mit neuen Mitteln zu neuem Leben erweckt! Auf neudeutsch: NeuDeutschFolk\u2026<\/p>\n\n\n\n<p>Hinzu kommen neue Songs und Lieder, teilweise auf literarische Texte. Theodor Fontane, Ernst Moritz Arndt, Bernhard Trittelvitz, W. S. K\u00fcttner u.a.<\/p>\n\n\n\n<p>Frisch der Klang der Ensembles, inspirierend vielf\u00e4ltig und modulationsf\u00e4hig. Konzerte in ihrem Wechsel von Spannung und Gelassenheit, Heiterkeit und \u00dcberraschung, die Sie so schnell nicht vergessen.<\/p>\n\n\n\n<p>Philip Weber (Gitarre), mit Leoni Walter (Kontrabass), Anna Truhina (Violine) und Winfried S. K\u00fcttner (Vocals, Violine, Viola, Akkordeon) &#8211; eine Musikwelt, die das Herz ber\u00fchrt, die Seele atmen l\u00e4sst.<\/p>\n\n\n\n<p>Eine zeitlose Musik &#8211; und doch ganz in der Gegenwart.<\/p>\n\n\n\n<figure class=\"wp-block-image size-large\"><img loading=\"lazy\" width=\"1024\" height=\"768\" src=\"http:\/\/geigenleut.de\/wp-content\/uploads\/2021\/12\/IMG_0536-1024x768.jpeg\" alt=\"\" class=\"wp-image-75\" srcset=\"http:\/\/geigenleut.de\/wp-content\/uploads\/2021\/12\/IMG_0536-1024x768.jpeg 1024w, http:\/\/geigenleut.de\/wp-content\/uploads\/2021\/12\/IMG_0536-300x225.jpeg 300w, http:\/\/geigenleut.de\/wp-content\/uploads\/2021\/12\/IMG_0536-768x576.jpeg 768w\" sizes=\"(max-width: 706px) 89vw, (max-width: 767px) 82vw, 740px\" \/><\/figure>\n\n\n\n<p><\/p>\n","protected":false},"excerpt":{"rendered":"<p>Geigenleut\u2019: Ein Projekt, das die alten Volkst\u00e4nze und Volkslieder vorwiegend des Norddeutschen und des Ostsee-Raumes aus ihrem Dornr\u00f6schenschlaf weckt.&nbsp; Innovativ werden die alten Melodien in neue musikalische Gew\u00e4nder gekleidet, die der urspr\u00fcnglichen Spielart entstammen: Wirkliche Volksmusik im urspr\u00fcnglichen Klang: im Streicherklang. Geigen, Kontraba\u00df. Und dazu Gitarre. Aus k\u00fcnstlerischen Gr\u00fcnden. Wie auch gelegentlich das Akkordeon. Ein &hellip; <\/p>\n<p class=\"link-more\"><a href=\"http:\/\/geigenleut.de\/?p=96\" class=\"more-link\"><span class=\"screen-reader-text\">\u201eGeigenleut&#8216;\u201c<\/span> weiterlesen<\/a><\/p>\n","protected":false},"author":1,"featured_media":0,"comment_status":"open","ping_status":"open","sticky":false,"template":"","format":"standard","meta":[],"categories":[1],"tags":[45,50,18,19,41,56,32,48,34,40,46,3,47,33,20,52,30,35,31,39,38,28,29,49,27,16,51,54,53,37,55,17,42,43],"_links":{"self":[{"href":"http:\/\/geigenleut.de\/index.php?rest_route=\/wp\/v2\/posts\/96"}],"collection":[{"href":"http:\/\/geigenleut.de\/index.php?rest_route=\/wp\/v2\/posts"}],"about":[{"href":"http:\/\/geigenleut.de\/index.php?rest_route=\/wp\/v2\/types\/post"}],"author":[{"embeddable":true,"href":"http:\/\/geigenleut.de\/index.php?rest_route=\/wp\/v2\/users\/1"}],"replies":[{"embeddable":true,"href":"http:\/\/geigenleut.de\/index.php?rest_route=%2Fwp%2Fv2%2Fcomments&post=96"}],"version-history":[{"count":7,"href":"http:\/\/geigenleut.de\/index.php?rest_route=\/wp\/v2\/posts\/96\/revisions"}],"predecessor-version":[{"id":230,"href":"http:\/\/geigenleut.de\/index.php?rest_route=\/wp\/v2\/posts\/96\/revisions\/230"}],"wp:attachment":[{"href":"http:\/\/geigenleut.de\/index.php?rest_route=%2Fwp%2Fv2%2Fmedia&parent=96"}],"wp:term":[{"taxonomy":"category","embeddable":true,"href":"http:\/\/geigenleut.de\/index.php?rest_route=%2Fwp%2Fv2%2Fcategories&post=96"},{"taxonomy":"post_tag","embeddable":true,"href":"http:\/\/geigenleut.de\/index.php?rest_route=%2Fwp%2Fv2%2Ftags&post=96"}],"curies":[{"name":"wp","href":"https:\/\/api.w.org\/{rel}","templated":true}]}}